{"id":42,"date":"2019-07-12T13:20:06","date_gmt":"2019-07-12T13:20:06","guid":{"rendered":"https:\/\/black-star.ovh\/?p=42"},"modified":"2026-01-09T10:42:42","modified_gmt":"2026-01-09T10:42:42","slug":"intervention-assemblee-nationale","status":"publish","type":"post","link":"https:\/\/black-star.fr\/en\/intervention-assemblee-nationale\/","title":{"rendered":"National Assembly: They're talking about us!"},"content":{"rendered":"<p>Speech in the National Assembly by Deputies SERMIER and CINIERI. The green revolution and the associated paradigm shifts must be considered, reflected upon, and debated\u2026<strong>But not only that.<\/strong><\/p>\n\n\n\n<hr class=\"wp-block-separator has-alpha-channel-opacity\"\/>\n\n\n\n<p>We also need public men and women capable of taking responsibility by deciding to make empirical and collective work concrete!<\/p>\n\n\n\n<p>A sincere thank you to the Members of Parliament <a rel=\"noreferrer noopener\" aria-label=\" (s\u2019ouvre dans un nouvel onglet)\" href=\"http:\/\/www2.assemblee-nationale.fr\/deputes\/fiche\/OMC_PA267204\" target=\"_blank\">Jean-Marie Sermier<\/a>, <a rel=\"noreferrer noopener\" aria-label=\"Dino Cinieri (s\u2019ouvre dans un nouvel onglet)\" href=\"http:\/\/www2.assemblee-nationale.fr\/deputes\/fiche\/OMC_PA267429\" target=\"_blank\">Dino Cinieri<\/a> and <a rel=\"noreferrer noopener\" aria-label=\"Val\u00e9rie Lacroute (s\u2019ouvre dans un nouvel onglet)\" href=\"http:\/\/www2.assemblee-nationale.fr\/deputes\/fiche\/OMC_PA609245\" target=\"_blank\">Val\u00e9rie Lacroute<\/a>  for having forcefully and convincingly championed amendment no. CD2352 within the framework of the LOM (Mobility Orientation Law) by co-signing it and defending it in the chamber on June 11, 2019. <\/p>\n\n\n\n<p>The BLACK STAR journey will continue within the framework of the Circular Economy Law starting this fall. Stay tuned for updates. <a aria-label=\"le site de l'Assembl\u00e9e nationale (s\u2019ouvre dans un nouvel onglet)\" href=\"http:\/\/www.assemblee-nationale.fr\/dyn\/15\/dossiers\/loi_orientation_mobilites\" target=\"_blank\" rel=\"noreferrer noopener\">the website of the National Assembly.<\/a> &#8230; <\/p>\n\n\n\n<p>Link : <a href=\"https:\/\/www.youtube.com\/watch?v=0qqODWcRyGc\">https:\/\/www.youtube.com\/watch?v=0qqODWcRyGc<\/a><\/p>\n\n\n\n<p><\/p>","protected":false},"excerpt":{"rendered":"<p>Intervention dans l\u2019h\u00e9micycle des D\u00e9put\u00e9s SERMIER et CINIERI.&nbsp;La r\u00e9volution verte et les changements de paradigmes associ\u00e9s doivent se penser, se r\u00e9fl\u00e9chir, se d\u00e9battre\u2026Mais pas seulement. Il faut \u00e9galement des hommes et des femmes publics capables de prendre leurs responsabilit\u00e9s en d\u00e9cidant de rendre concret les travaux empiriques et collectifs&nbsp;! Un Merci sinc\u00e8re aux D\u00e9put\u00e9s Jean-Marie [&hellip;]<\/p>\n","protected":false},"author":11,"featured_media":6273,"comment_status":"closed","ping_status":"closed","sticky":false,"template":"","format":"standard","meta":{"footnotes":""},"categories":[1],"tags":[],"class_list":["post-42","post","type-post","status-publish","format-standard","has-post-thumbnail","hentry","category-actualites"],"_links":{"self":[{"href":"https:\/\/black-star.fr\/en\/wp-json\/wp\/v2\/posts\/42","targetHints":{"allow":["GET"]}}],"collection":[{"href":"https:\/\/black-star.fr\/en\/wp-json\/wp\/v2\/posts"}],"about":[{"href":"https:\/\/black-star.fr\/en\/wp-json\/wp\/v2\/types\/post"}],"author":[{"embeddable":true,"href":"https:\/\/black-star.fr\/en\/wp-json\/wp\/v2\/users\/11"}],"replies":[{"embeddable":true,"href":"https:\/\/black-star.fr\/en\/wp-json\/wp\/v2\/comments?post=42"}],"version-history":[{"count":1,"href":"https:\/\/black-star.fr\/en\/wp-json\/wp\/v2\/posts\/42\/revisions"}],"predecessor-version":[{"id":28641,"href":"https:\/\/black-star.fr\/en\/wp-json\/wp\/v2\/posts\/42\/revisions\/28641"}],"wp:featuredmedia":[{"embeddable":true,"href":"https:\/\/black-star.fr\/en\/wp-json\/wp\/v2\/media\/6273"}],"wp:attachment":[{"href":"https:\/\/black-star.fr\/en\/wp-json\/wp\/v2\/media?parent=42"}],"wp:term":[{"taxonomy":"category","embeddable":true,"href":"https:\/\/black-star.fr\/en\/wp-json\/wp\/v2\/categories?post=42"},{"taxonomy":"post_tag","embeddable":true,"href":"https:\/\/black-star.fr\/en\/wp-json\/wp\/v2\/tags?post=42"}],"curies":[{"name":"wp","href":"https:\/\/api.w.org\/{rel}","templated":true}]}}