{"id":28530,"date":"2025-07-29T11:00:22","date_gmt":"2025-07-29T11:00:22","guid":{"rendered":"https:\/\/black-star.fr\/?p=28530"},"modified":"2025-07-27T06:01:17","modified_gmt":"2025-07-27T06:01:17","slug":"black-star-devient-partenaire-officiel-du-rallye-le-bethunois","status":"publish","type":"post","link":"https:\/\/black-star.fr\/en\/black-star-devient-partenaire-officiel-du-rallye-le-bethunois\/","title":{"rendered":"Black Star becomes official partner of the Rallye le B\u00e9thunois!"},"content":{"rendered":"<p>Black Star is proud to announce its partnership with Stade B\u00e9thunois Automobile for the 47th edition of the Rallye le B\u00e9thunois, a key event in the French Rally Cup. This renowned automotive event will take place on September 12, 13 and 14, 2024 in B\u00e9thune, in the heart of Hauts-de-France.<\/p>\r\n\r\n\r\n\r\n<p><strong>A local partnership to promote our local roots<\/strong><\/p>\r\n\r\n\r\n\r\n<p>En tant qu\u2019acteur engag\u00e9 de la mobilit\u00e9 durable,\u00a0Black Star s\u2019associe \u00e0 un \u00e9v\u00e9nement embl\u00e9matique du sport automobile r\u00e9gional. Ce partenariat marque une nouvelle \u00e9tape dans notre volont\u00e9 de\u00a0soutenir les initiatives locales\u00a0tout en mettant en lumi\u00e8re notre savoir-faire industriel et notre innovation.<\/p>\r\n\r\n\r\n\r\n<p>On this occasion, our brand of 100% reconditioned tyres manufactured in B\u00e9thune, LEONARD, will be honored through several actions on the ground.<\/p>\r\n\r\n\r\n\r\n<p>The Rallye le B\u00e9thunois is the ideal opportunity to introduce motorsport enthusiasts to our vision of more sustainable mobility.<\/p>\r\n\r\n\r\n\r\n<p>Join us on the starting line! We invite everyone to come out and cheer on the drivers, discover the world of rallying, and meet our team on site. Come experience an emotional moment, to the rhythm of engines and passion, while discovering LEONARD, the B\u00e9thune brand that is forging its own path in a different way.<\/p>\r\n\r\n\r\n\r\n<p>&nbsp;<\/p>","protected":false},"excerpt":{"rendered":"<p>Black Star est fier d\u2019annoncer son partenariat avec le Stade B\u00e9thunois Automobile \u00e0 l\u2019occasion de la 47e \u00e9dition du Rallye le B\u00e9thunois, \u00e9preuve incontournable de la Coupe de France des Rallyes.<\/p>","protected":false},"author":14,"featured_media":28531,"comment_status":"closed","ping_status":"closed","sticky":false,"template":"","format":"standard","meta":{"footnotes":""},"categories":[1],"tags":[],"class_list":["post-28530","post","type-post","status-publish","format-standard","has-post-thumbnail","hentry","category-actualites"],"_links":{"self":[{"href":"https:\/\/black-star.fr\/en\/wp-json\/wp\/v2\/posts\/28530","targetHints":{"allow":["GET"]}}],"collection":[{"href":"https:\/\/black-star.fr\/en\/wp-json\/wp\/v2\/posts"}],"about":[{"href":"https:\/\/black-star.fr\/en\/wp-json\/wp\/v2\/types\/post"}],"author":[{"embeddable":true,"href":"https:\/\/black-star.fr\/en\/wp-json\/wp\/v2\/users\/14"}],"replies":[{"embeddable":true,"href":"https:\/\/black-star.fr\/en\/wp-json\/wp\/v2\/comments?post=28530"}],"version-history":[{"count":2,"href":"https:\/\/black-star.fr\/en\/wp-json\/wp\/v2\/posts\/28530\/revisions"}],"predecessor-version":[{"id":28533,"href":"https:\/\/black-star.fr\/en\/wp-json\/wp\/v2\/posts\/28530\/revisions\/28533"}],"wp:featuredmedia":[{"embeddable":true,"href":"https:\/\/black-star.fr\/en\/wp-json\/wp\/v2\/media\/28531"}],"wp:attachment":[{"href":"https:\/\/black-star.fr\/en\/wp-json\/wp\/v2\/media?parent=28530"}],"wp:term":[{"taxonomy":"category","embeddable":true,"href":"https:\/\/black-star.fr\/en\/wp-json\/wp\/v2\/categories?post=28530"},{"taxonomy":"post_tag","embeddable":true,"href":"https:\/\/black-star.fr\/en\/wp-json\/wp\/v2\/tags?post=28530"}],"curies":[{"name":"wp","href":"https:\/\/api.w.org\/{rel}","templated":true}]}}